{"id":7842,"date":"2021-10-06T10:00:00","date_gmt":"2021-10-06T08:00:00","guid":{"rendered":"http:\/\/dpsolutions.es\/?p=7842"},"modified":"2021-10-06T12:34:05","modified_gmt":"2021-10-06T10:34:05","slug":"como-se-colocan-las-banderas-en-actos-oficiales","status":"publish","type":"post","link":"https:\/\/dpsolutions.es\/en\/como-se-colocan-las-banderas-en-actos-oficiales\/","title":{"rendered":"C\u00f3mo se colocan las banderas en actos oficiales"},"content":{"rendered":"<div data-elementor-type=\"wp-post\" data-elementor-id=\"7842\" class=\"elementor elementor-7842\">\n\t\t\t\t\t\t<section data-exad-particle-enable=\"false\" class=\"elementor-section elementor-top-section elementor-element elementor-element-89a1a9c elementor-section-full_width elementor-section-stretched elementor-section-height-default elementor-section-height-default exad-parallax-effect-no exad-background-color-change-no exad-glass-effect-no exad-sticky-section-no qodef-elementor-content-no\" data-id=\"89a1a9c\" data-element_type=\"section\" data-settings=\"{&quot;stretch_section&quot;:&quot;section-stretched&quot;,&quot;background_background&quot;:&quot;classic&quot;}\">\n\t\t\t\t\t\t<div class=\"elementor-container elementor-column-gap-default\">\n\t\t\t\t\t<div class=\"elementor-column elementor-col-50 elementor-top-column elementor-element elementor-element-57b0fe2 exad-glass-effect-no exad-sticky-section-no\" data-id=\"57b0fe2\" data-element_type=\"column\">\n\t\t\t<div class=\"elementor-widget-wrap\">\n\t\t\t\t\t\t\t<\/div>\n\t\t<\/div>\n\t\t\t\t<div class=\"elementor-column elementor-col-50 elementor-top-column elementor-element elementor-element-6735497 exad-glass-effect-no exad-sticky-section-no\" data-id=\"6735497\" data-element_type=\"column\">\n\t\t\t<div class=\"elementor-widget-wrap elementor-element-populated\">\n\t\t\t\t\t\t<div class=\"elementor-element elementor-element-85d7e93 exad-sticky-section-no exad-glass-effect-no elementor-widget elementor-widget-spacer\" data-id=\"85d7e93\" data-element_type=\"widget\" data-widget_type=\"spacer.default\">\n\t\t\t\t<div class=\"elementor-widget-container\">\n\t\t\t\t\t\t\t<div class=\"elementor-spacer\">\n\t\t\t<div class=\"elementor-spacer-inner\"><\/div>\n\t\t<\/div>\n\t\t\t\t\t\t<\/div>\n\t\t\t\t<\/div>\n\t\t\t\t<div class=\"elementor-element elementor-element-5f88b2f exad-sticky-section-no exad-glass-effect-no elementor-widget elementor-widget-heading\" data-id=\"5f88b2f\" data-element_type=\"widget\" data-widget_type=\"heading.default\">\n\t\t\t\t<div class=\"elementor-widget-container\">\n\t\t\t\t\t<h1 class=\"elementor-heading-title elementor-size-xl\">C\u00f3mo se colocan las banderas en actos oficiales<\/h1>\t\t\t\t<\/div>\n\t\t\t\t<\/div>\n\t\t\t\t<div class=\"elementor-element elementor-element-c91c5bd exad-sticky-section-no exad-glass-effect-no elementor-widget elementor-widget-spacer\" data-id=\"c91c5bd\" data-element_type=\"widget\" data-widget_type=\"spacer.default\">\n\t\t\t\t<div class=\"elementor-widget-container\">\n\t\t\t\t\t\t\t<div class=\"elementor-spacer\">\n\t\t\t<div class=\"elementor-spacer-inner\"><\/div>\n\t\t<\/div>\n\t\t\t\t\t\t<\/div>\n\t\t\t\t<\/div>\n\t\t\t\t\t<\/div>\n\t\t<\/div>\n\t\t\t\t\t<\/div>\n\t\t<\/section>\n\t\t\t\t<section data-exad-particle-enable=\"false\" class=\"elementor-section elementor-top-section elementor-element elementor-element-651b5de elementor-section-full_width elementor-section-stretched elementor-section-height-default elementor-section-height-default exad-parallax-effect-no exad-background-color-change-no exad-glass-effect-no exad-sticky-section-no qodef-elementor-content-no\" data-id=\"651b5de\" data-element_type=\"section\" data-settings=\"{&quot;stretch_section&quot;:&quot;section-stretched&quot;}\">\n\t\t\t\t\t\t<div class=\"elementor-container elementor-column-gap-default\">\n\t\t\t\t\t<div class=\"elementor-column elementor-col-100 elementor-top-column elementor-element elementor-element-7ca9332 exad-glass-effect-no exad-sticky-section-no\" data-id=\"7ca9332\" data-element_type=\"column\">\n\t\t\t<div class=\"elementor-widget-wrap elementor-element-populated\">\n\t\t\t\t\t\t<div class=\"elementor-element elementor-element-81eefa7 exad-sticky-section-no exad-glass-effect-no elementor-widget elementor-widget-spacer\" data-id=\"81eefa7\" data-element_type=\"widget\" data-widget_type=\"spacer.default\">\n\t\t\t\t<div class=\"elementor-widget-container\">\n\t\t\t\t\t\t\t<div class=\"elementor-spacer\">\n\t\t\t<div class=\"elementor-spacer-inner\"><\/div>\n\t\t<\/div>\n\t\t\t\t\t\t<\/div>\n\t\t\t\t<\/div>\n\t\t\t\t<div class=\"elementor-element elementor-element-572512d exad-sticky-section-no exad-glass-effect-no elementor-widget elementor-widget-image\" data-id=\"572512d\" data-element_type=\"widget\" data-widget_type=\"image.default\">\n\t\t\t\t<div class=\"elementor-widget-container\">\n\t\t\t\t\t\t\t\t\t\t\t\t\t\t\t<img fetchpriority=\"high\" decoding=\"async\" width=\"1600\" height=\"900\" src=\"https:\/\/dpsolutions.es\/wp-content\/uploads\/2021\/10\/bandera1.png\" class=\"attachment-full size-full wp-image-7789\" alt=\"como colocar banderas en actos oficiales\" srcset=\"https:\/\/dpsolutions.es\/wp-content\/uploads\/2021\/10\/bandera1.png 1600w, https:\/\/dpsolutions.es\/wp-content\/uploads\/2021\/10\/bandera1-300x169.png 300w, https:\/\/dpsolutions.es\/wp-content\/uploads\/2021\/10\/bandera1-1024x576.png 1024w, https:\/\/dpsolutions.es\/wp-content\/uploads\/2021\/10\/bandera1-768x432.png 768w, https:\/\/dpsolutions.es\/wp-content\/uploads\/2021\/10\/bandera1-1536x864.png 1536w, https:\/\/dpsolutions.es\/wp-content\/uploads\/2021\/10\/bandera1-600x338.png 600w\" sizes=\"(max-width: 1600px) 100vw, 1600px\" \/>\t\t\t\t\t\t\t\t\t\t\t\t\t\t\t<\/div>\n\t\t\t\t<\/div>\n\t\t\t\t\t<\/div>\n\t\t<\/div>\n\t\t\t\t\t<\/div>\n\t\t<\/section>\n\t\t\t\t<section data-exad-particle-enable=\"false\" class=\"elementor-section elementor-top-section elementor-element elementor-element-ee8eb0f elementor-section-boxed elementor-section-height-default elementor-section-height-default exad-parallax-effect-no exad-background-color-change-no exad-glass-effect-no exad-sticky-section-no qodef-elementor-content-no\" data-id=\"ee8eb0f\" data-element_type=\"section\">\n\t\t\t\t\t\t<div class=\"elementor-container elementor-column-gap-default\">\n\t\t\t\t\t<div class=\"elementor-column elementor-col-100 elementor-top-column elementor-element elementor-element-ba9fe29 exad-glass-effect-no exad-sticky-section-no\" data-id=\"ba9fe29\" data-element_type=\"column\">\n\t\t\t<div class=\"elementor-widget-wrap elementor-element-populated\">\n\t\t\t\t\t\t<div class=\"elementor-element elementor-element-58247c1 exad-sticky-section-no exad-glass-effect-no elementor-widget elementor-widget-text-editor\" data-id=\"58247c1\" data-element_type=\"widget\" data-widget_type=\"text-editor.default\">\n\t\t\t\t<div class=\"elementor-widget-container\">\n\t\t\t\t\t\t\t\t\t<p>En la organizaci\u00f3n de eventos oficiales tenemos que trabajar mano a mano con el protocolo. La organizaci\u00f3n de las mesas, el tratamiento de los asistentes, el orden de colocaci\u00f3n en las fotos oficiales o el orden de las banderas oficiales suelen ser los aspectos que m\u00e1s quebraderos de cabeza nos dan cuando organizamos este tipo de eventos.<\/p><p>Para saber c\u00f3mo colocar las banderas oficiales hay que tener en cuenta que se ordenan de manera distinta si el n\u00famero es par o impar. En caso de duda, siempre hay que consultar la <a href=\"https:\/\/www.boe.es\/buscar\/act.php?id=BOE-A-1981-26082\">Ley 39\/1981, de 28 de octubre, por la que se regula el uso de la bandera de Espa\u00f1a y el de otras banderas y ense\u00f1as.<\/a><\/p><p>Como norma general, hay que saber que la bandera nacional siempre ocupa el primer lugar o lugar de honor. Adem\u00e1s, se colocan por orden de importancia, de mayor a menor<\/p>\t\t\t\t\t\t\t\t<\/div>\n\t\t\t\t<\/div>\n\t\t\t\t<div class=\"elementor-element elementor-element-b46275f exad-sticky-section-no exad-glass-effect-no elementor-widget elementor-widget-heading\" data-id=\"b46275f\" data-element_type=\"widget\" data-widget_type=\"heading.default\">\n\t\t\t\t<div class=\"elementor-widget-container\">\n\t\t\t\t\t<h2 class=\"elementor-heading-title elementor-size-xl\">N\u00famero de banderas Impar<\/h2>\t\t\t\t<\/div>\n\t\t\t\t<\/div>\n\t\t\t\t<div class=\"elementor-element elementor-element-e00066e exad-sticky-section-no exad-glass-effect-no elementor-widget elementor-widget-text-editor\" data-id=\"e00066e\" data-element_type=\"widget\" data-widget_type=\"text-editor.default\">\n\t\t\t\t<div class=\"elementor-widget-container\">\n\t\t\t\t\t\t\t\t\t<p>Si tenemos que colocar un n\u00famero impar de banderas, tendremos que colocar en el centro la bandera espa\u00f1ola. A continuaci\u00f3n, empezaremos a colocar el resto de banderas de derecha a izquierda alternando posiciones. Se colocar\u00e1n por orden de importancia.<\/p>\t\t\t\t\t\t\t\t<\/div>\n\t\t\t\t<\/div>\n\t\t\t\t<div class=\"elementor-element elementor-element-3788295 exad-sticky-section-no exad-glass-effect-no elementor-widget elementor-widget-heading\" data-id=\"3788295\" data-element_type=\"widget\" data-widget_type=\"heading.default\">\n\t\t\t\t<div class=\"elementor-widget-container\">\n\t\t\t\t\t<h2 class=\"elementor-heading-title elementor-size-xl\">N\u00famero de banderas par<\/h2>\t\t\t\t<\/div>\n\t\t\t\t<\/div>\n\t\t\t\t<div class=\"elementor-element elementor-element-a1c5104 exad-sticky-section-no exad-glass-effect-no elementor-widget elementor-widget-text-editor\" data-id=\"a1c5104\" data-element_type=\"widget\" data-widget_type=\"text-editor.default\">\n\t\t\t\t<div class=\"elementor-widget-container\">\n\t\t\t\t\t\t\t\t\t<p>Si tenemos que colocar un n\u00famero de banderas par, tendremos que colocar en el centro la de mayor importancia. El resto se colocar\u00e1n tambi\u00e9n por orden de importancia. Eso s\u00ed, esta vez se colocan de izquierda a derecha de manera alterna.<\/p>\t\t\t\t\t\t\t\t<\/div>\n\t\t\t\t<\/div>\n\t\t\t\t<div class=\"elementor-element elementor-element-edb7d75 exad-sticky-section-no exad-glass-effect-no elementor-widget elementor-widget-heading\" data-id=\"edb7d75\" data-element_type=\"widget\" data-widget_type=\"heading.default\">\n\t\t\t\t<div class=\"elementor-widget-container\">\n\t\t\t\t\t<h2 class=\"elementor-heading-title elementor-size-xl\">Colocaci\u00f3n de banderas en l\u00ednea \u00fanica<\/h2>\t\t\t\t<\/div>\n\t\t\t\t<\/div>\n\t\t\t\t<div class=\"elementor-element elementor-element-2c22ae4 exad-sticky-section-no exad-glass-effect-no elementor-widget elementor-widget-text-editor\" data-id=\"2c22ae4\" data-element_type=\"widget\" data-widget_type=\"text-editor.default\">\n\t\t\t\t<div class=\"elementor-widget-container\">\n\t\t\t\t\t\t\t\t\t<p>Si tenemos que colocar las banderas en la puerta de un edificio podemos ordenarlas en fila \u00fanica. Esta fila puede colocarse a la izquierda o a la derecha de la puerta. Tambi\u00e9n pueden colocarse dos filas iguales de banderas, una a la izquierda y otra a la derecha de la puerta.<\/p><p>Si solo hay una fila de banderas, la m\u00e1s importante ser\u00e1 la m\u00e1s cercana a la puerta y el resto se colocar\u00e1n por orden de importancia. Si se colocan dos filas, deber\u00e1n ser sim\u00e9tricas. \u00bfQu\u00e9 quiere decir esto? Que las banderas m\u00e1s importantes deber\u00e1n enmarcar la puerta y el resto se ordenar\u00e1n de mayor a menor relevancia.<\/p>\t\t\t\t\t\t\t\t<\/div>\n\t\t\t\t<\/div>\n\t\t\t\t<div class=\"elementor-element elementor-element-42436fe exad-sticky-section-no exad-glass-effect-no elementor-widget elementor-widget-heading\" data-id=\"42436fe\" data-element_type=\"widget\" data-widget_type=\"heading.default\">\n\t\t\t\t<div class=\"elementor-widget-container\">\n\t\t\t\t\t<h2 class=\"elementor-heading-title elementor-size-xl\">\u00bfC\u00f3mo se colocan las banderas auton\u00f3micas o locales?<\/h2>\t\t\t\t<\/div>\n\t\t\t\t<\/div>\n\t\t\t\t<div class=\"elementor-element elementor-element-d632a55 exad-sticky-section-no exad-glass-effect-no elementor-widget elementor-widget-text-editor\" data-id=\"d632a55\" data-element_type=\"widget\" data-widget_type=\"text-editor.default\">\n\t\t\t\t<div class=\"elementor-widget-container\">\n\t\t\t\t\t\t\t\t\t<p>Lo de colocar las banderas por orden de importancia est\u00e1 muy bien. Pero solo para explicarlo sobre el papel, a la hora de la verdad \u00bfqu\u00e9 bandera es m\u00e1s importante? \u00bfc\u00f3mo sabemos qu\u00e9 jerarqu\u00eda establecer entre ellas? En la <a href=\"https:\/\/www.boe.es\/buscar\/act.php?id=BOE-A-1981-26082\">Ley 39\/1981, de 28 de octubre,<\/a> se establece que la primera bandera que hay que poner es siempre la espa\u00f1ola, salvo en caso extraordinarios.<\/p>\n<p>\u00bfY con el resto de banderas? \u00bfPrimero la Comunidad Aut\u00f3noma, la provincia o la localidad? Como sabemos, primero va la bandera del pa\u00eds. Despu\u00e9s, la auton\u00f3mica y finalmente, la de la ciudad o localidad. En el caso de colocar tambi\u00e9n la bandera de la Uni\u00f3n Europea, esta ocupar\u00e1 el \u00faltimo lugar.<\/p>\n<p>\u00bfQu\u00e9 pasa si en ese evento hay m\u00e1s de una bandera auton\u00f3mica? Las banderas se ordenan seg\u00fan la fecha en la que se aprob\u00f3 su instituto de autonom\u00eda. Es decir, se ordenan de mayor a menor \u2018edad\u2019.<\/p>\t\t\t\t\t\t\t\t<\/div>\n\t\t\t\t<\/div>\n\t\t\t\t<div class=\"elementor-element elementor-element-aaaa8d3 exad-sticky-section-no exad-glass-effect-no elementor-widget elementor-widget-heading\" data-id=\"aaaa8d3\" data-element_type=\"widget\" data-widget_type=\"heading.default\">\n\t\t\t\t<div class=\"elementor-widget-container\">\n\t\t\t\t\t<h2 class=\"elementor-heading-title elementor-size-xl\">\u00bfQu\u00e9 pasa con la bandera Europea?<\/h2>\t\t\t\t<\/div>\n\t\t\t\t<\/div>\n\t\t\t\t<div class=\"elementor-element elementor-element-91cc53d exad-sticky-section-no exad-glass-effect-no elementor-widget elementor-widget-text-editor\" data-id=\"91cc53d\" data-element_type=\"widget\" data-widget_type=\"text-editor.default\">\n\t\t\t\t<div class=\"elementor-widget-container\">\n\t\t\t\t\t\t\t\t\t<p>La bandera europea es optativa en centros oficiales, pero obligatoria en todas sus sedes. De hecho, en su sede, la bandera de la Uni\u00f3n Europea abre y cierra la l\u00ednea. Los pa\u00edses se colocan por orden alfab\u00e9tico y siempre est\u00e1 encabezada por el pa\u00eds que preside la UE.<\/p><p>Aunque esa es la norma general, en ocasiones se rompe. Puede ser que el protocolo rija darle m\u00e1s importancia al pa\u00eds anfitri\u00f3n del evento o que sea interesante remarcar el papel de la Uni\u00f3n Europea.<\/p>\t\t\t\t\t\t\t\t<\/div>\n\t\t\t\t<\/div>\n\t\t\t\t\t<\/div>\n\t\t<\/div>\n\t\t\t\t\t<\/div>\n\t\t<\/section>\n\t\t\t\t<section data-exad-particle-enable=\"false\" class=\"elementor-section elementor-top-section elementor-element elementor-element-6413386 elementor-section-boxed elementor-section-height-default elementor-section-height-default exad-parallax-effect-no exad-background-color-change-no exad-glass-effect-no exad-sticky-section-no qodef-elementor-content-no\" data-id=\"6413386\" data-element_type=\"section\">\n\t\t\t\t\t\t<div class=\"elementor-container elementor-column-gap-default\">\n\t\t\t\t\t<div class=\"elementor-column elementor-col-50 elementor-top-column elementor-element elementor-element-347b79d exad-glass-effect-no exad-sticky-section-no\" data-id=\"347b79d\" data-element_type=\"column\">\n\t\t\t<div class=\"elementor-widget-wrap\">\n\t\t\t\t\t\t\t<\/div>\n\t\t<\/div>\n\t\t\t\t<div class=\"elementor-column elementor-col-50 elementor-top-column elementor-element elementor-element-35e270c exad-glass-effect-no exad-sticky-section-no\" data-id=\"35e270c\" data-element_type=\"column\">\n\t\t\t<div class=\"elementor-widget-wrap elementor-element-populated\">\n\t\t\t\t\t\t<div class=\"elementor-element elementor-element-057dd1e exad-sticky-section-no exad-glass-effect-no elementor-widget elementor-widget-wp-widget-emeline_core_social_share\" data-id=\"057dd1e\" data-element_type=\"widget\" data-widget_type=\"wp-widget-emeline_core_social_share.default\">\n\t\t\t\t<div class=\"elementor-widget-container\">\n\t\t\t\t\t<div class=\"qodef-shortcode qodef-m  qodef-social-share clear qodef-layout--list\">\n\t\t<ul class=\"qodef-shortcode-list\">\n\t\t<li class=\"qodef-facebook-share\">\n\t<a itemprop=\"url\" class=\"qodef-share-link\" href=\"#\" onclick=\"window.open(&#039;https:\/\/www.facebook.com\/sharer.php?u=https%3A%2F%2Fdpsolutions.es%2Fen%2Fcomo-se-colocan-las-banderas-en-actos-oficiales%2F&#039;, &#039;sharer&#039;, &#039;toolbar=0,status=0,width=620,height=280&#039;);\">\n\t\t\t\t\t<span class=\"qodef-icon-elegant-icons social_facebook_circle qodef-social-network-icon\"><\/span>\t\t\t<\/a>\n<\/li>\n<li class=\"qodef-twitter-share\">\n\t<a itemprop=\"url\" class=\"qodef-share-link\" href=\"#\" onclick=\"window.open(&#039;https:\/\/twitter.com\/intent\/tweet?text=C%C3%B3mo+se+colocan+las+banderas+en+actos+oficiales+En+la+organizaci%C3%B3n+de+eventos+oficiales++via+%40QodeInteractivehttps:\/\/dpsolutions.es\/en\/como-se-colocan-las-banderas-en-actos-oficiales\/&#039;, &#039;popupwindow&#039;, &#039;scrollbars=yes,width=800,height=400&#039;);\">\n\t\t\t\t\t<span class=\"qodef-icon-elegant-icons social_twitter_circle qodef-social-network-icon\"><\/span>\t\t\t<\/a>\n<\/li>\n<li class=\"qodef-linkedin-share\">\n\t<a itemprop=\"url\" class=\"qodef-share-link\" href=\"#\" onclick=\"popUp=window.open(&#039;https:\/\/linkedin.com\/shareArticle?mini=true&amp;url=https%3A%2F%2Fdpsolutions.es%2Fen%2Fcomo-se-colocan-las-banderas-en-actos-oficiales%2F&amp;title=C%C3%B3mo+se+colocan+las+banderas+en+actos+oficiales&#039;, &#039;popupwindow&#039;, &#039;scrollbars=yes,width=800,height=400&#039;);popUp.focus();return false;\">\n\t\t\t\t\t<span class=\"qodef-icon-elegant-icons social_linkedin_circle qodef-social-network-icon\"><\/span>\t\t\t<\/a>\n<\/li>\n<li class=\"qodef-pinterest-share\">\n\t<a itemprop=\"url\" class=\"qodef-share-link\" href=\"#\" onclick=\"popUp=window.open(&#039;https:\/\/pinterest.com\/pin\/create\/button\/?url=https%3A%2F%2Fdpsolutions.es%2Fen%2Fcomo-se-colocan-las-banderas-en-actos-oficiales%2F&amp;description=C%C3%B3mo+se+colocan+las+banderas+en+actos+oficiales&amp;media=https%3A%2F%2Fdpsolutions.es%2Fwp-content%2Fuploads%2F2021%2F10%2Fbanderas.png&#039;, &#039;popupwindow&#039;, &#039;scrollbars=yes,width=800,height=400&#039;);popUp.focus();return false;\">\n\t\t\t\t\t<span class=\"qodef-icon-elegant-icons social_pinterest_circle qodef-social-network-icon\"><\/span>\t\t\t<\/a>\n<\/li>\n\t<\/ul>\n<\/div>\n\t\t\t\t<\/div>\n\t\t\t\t<\/div>\n\t\t\t\t\t<\/div>\n\t\t<\/div>\n\t\t\t\t\t<\/div>\n\t\t<\/section>\n\t\t\t\t<section data-exad-particle-enable=\"false\" class=\"elementor-section elementor-top-section elementor-element elementor-element-d3e0e39 elementor-section-boxed elementor-section-height-default elementor-section-height-default exad-parallax-effect-no exad-background-color-change-no exad-glass-effect-no exad-sticky-section-no qodef-elementor-content-no\" data-id=\"d3e0e39\" data-element_type=\"section\">\n\t\t\t\t\t\t<div class=\"elementor-container elementor-column-gap-default\">\n\t\t\t\t\t<div class=\"elementor-column elementor-col-100 elementor-top-column elementor-element elementor-element-9ab12da exad-glass-effect-no exad-sticky-section-no\" data-id=\"9ab12da\" data-element_type=\"column\">\n\t\t\t<div class=\"elementor-widget-wrap elementor-element-populated\">\n\t\t\t\t\t\t<div class=\"elementor-element elementor-element-8aea54b elementor-widget-divider--view-line exad-sticky-section-no exad-glass-effect-no elementor-widget elementor-widget-divider\" data-id=\"8aea54b\" data-element_type=\"widget\" data-widget_type=\"divider.default\">\n\t\t\t\t<div class=\"elementor-widget-container\">\n\t\t\t\t\t\t\t<div class=\"elementor-divider\">\n\t\t\t<span class=\"elementor-divider-separator\">\n\t\t\t\t\t\t<\/span>\n\t\t<\/div>\n\t\t\t\t\t\t<\/div>\n\t\t\t\t<\/div>\n\t\t\t\t<div class=\"elementor-element elementor-element-76ce3a7 exad-sticky-section-no exad-glass-effect-no elementor-widget elementor-widget-qi_addons_for_elementor_blog_slider\" data-id=\"76ce3a7\" data-element_type=\"widget\" data-widget_type=\"qi_addons_for_elementor_blog_slider.default\">\n\t\t\t\t<div class=\"elementor-widget-container\">\n\t\t\t\t\t<div class=\"qodef-shortcode qodef-m qodef-addons-blog-slider qodef--list qodef-item-layout--standard qodef-info-no-icons qodef-image--hover-zoom qodef-qi-grid qodef-qi-swiper-container qodef-item-layout--standard\" data-options=\"{&quot;direction&quot;:&quot;horizontal&quot;,&quot;slidesPerView&quot;:&quot;4&quot;,&quot;spaceBetween&quot;:30,&quot;spaceBetweenTablet&quot;:30,&quot;spaceBetweenMobile&quot;:30,&quot;effect&quot;:&quot;&quot;,&quot;loop&quot;:true,&quot;autoplay&quot;:false,&quot;centeredSlides&quot;:false,&quot;speed&quot;:&quot;&quot;,&quot;speedAnimation&quot;:&quot;&quot;,&quot;outsideNavigation&quot;:&quot;no&quot;,&quot;outsidePagination&quot;:&quot;no&quot;,&quot;unique&quot;:&quot;1&quot;,&quot;partialValue&quot;:0,&quot;disablePartialValue&quot;:&quot;&quot;,&quot;parallax&quot;:&quot;no&quot;}\">\n\t<div class=\"swiper-wrapper\">\n\t\t<article class=\"qodef-e qodef-blog-item swiper-slide qodef-item--full post-8271 post type-post status-publish format-standard has-post-thumbnail hentry category-construye category-disena category-piensa tag-construye tag-disena tag-dpsolutions tag-fabrica tag-piensa tag-productora-de-eventos\">\n\t<div class=\"qodef-e-inner\">\n\t\t<div class=\"qodef-e-media\">\n\t\t<div class=\"qodef-e-media-image\">\n\t\t<a itemprop=\"url\" href=\"https:\/\/dpsolutions.es\/en\/organizacion-del-desfile-de-esne-en-mbfwm\/\">\n\t\t\t<img decoding=\"async\" width=\"600\" height=\"337\" src=\"https:\/\/dpsolutions.es\/wp-content\/uploads\/2022\/03\/1703.1.png\" class=\"attachment-full size-full\" alt=\"Desfile moda ESNE\" srcset=\"https:\/\/dpsolutions.es\/wp-content\/uploads\/2022\/03\/1703.1.png 600w, https:\/\/dpsolutions.es\/wp-content\/uploads\/2022\/03\/1703.1-300x169.png 300w, https:\/\/dpsolutions.es\/wp-content\/uploads\/2022\/03\/1703.1-18x10.png 18w\" sizes=\"(max-width: 600px) 100vw, 600px\" \/>\t\t<\/a>\n\t\t\t<\/div>\n<\/div>\n\t\t<div class=\"qodef-e-content\">\n\t\t\t\t\t\t\t<div class=\"qodef-e-info qodef-info--top\">\n\t\t\t\t\t<div class=\"qodef-e-info-item qodef-e-info-category\">\n\t\t<a href=\"https:\/\/dpsolutions.es\/en\/category\/construye\/\" rel=\"category tag\">Construct<\/a><span class=\"qodef-category-separator\"><\/span><a href=\"https:\/\/dpsolutions.es\/en\/category\/disena\/\" rel=\"category tag\">Design<\/a><span class=\"qodef-category-separator\"><\/span><a href=\"https:\/\/dpsolutions.es\/en\/category\/piensa\/\" rel=\"category tag\">Think<\/a><\/div>\n\t\t\t\t<\/div>\n\t\t\t\t\t\t<div class=\"qodef-e-text\">\n\t\t\t\t<h5 itemprop=\"name\" class=\"qodef-e-title entry-title\">\n\t<a itemprop=\"url\" class=\"qodef-e-title-link\" href=\"https:\/\/dpsolutions.es\/en\/organizacion-del-desfile-de-esne-en-mbfwm\/\">\n\t\tOrganizaci\u00f3n del desfile de ESNE en MBFWM\t<\/a>\n<\/h5>\n\t\t<p itemprop=\"description\" class=\"qodef-e-excerpt\">\n\t\t\tOrganizaci\u00f3n del desfile de ESNE EN MBFWM Las semanas de la moda son el punto de encuentro entre dise\u00f1adores, influencers y amantes de la industria. Es por eso, que cada vez resu\t\t<\/p>\n\t\t\t\t<\/div>\n\t\t\t\t\t<\/div>\n\t<\/div>\n<\/article>\n<article class=\"qodef-e qodef-blog-item swiper-slide qodef-item--full post-8172 post type-post status-publish format-standard has-post-thumbnail hentry category-disena category-piensa tag-construye tag-disena tag-dpsolutions tag-fabrica tag-piensa tag-productora-de-eventos\">\n\t<div class=\"qodef-e-inner\">\n\t\t<div class=\"qodef-e-media\">\n\t\t<div class=\"qodef-e-media-image\">\n\t\t<a itemprop=\"url\" href=\"https:\/\/dpsolutions.es\/en\/como-conseguir-que-tu-stand-de-feria-sea-un-exito\/\">\n\t\t\t<img decoding=\"async\" width=\"1772\" height=\"996\" src=\"https:\/\/dpsolutions.es\/wp-content\/uploads\/2021\/12\/standexito.png\" class=\"attachment-full size-full\" alt=\"stand exito\" srcset=\"https:\/\/dpsolutions.es\/wp-content\/uploads\/2021\/12\/standexito.png 1772w, https:\/\/dpsolutions.es\/wp-content\/uploads\/2021\/12\/standexito-300x169.png 300w, https:\/\/dpsolutions.es\/wp-content\/uploads\/2021\/12\/standexito-1024x576.png 1024w, https:\/\/dpsolutions.es\/wp-content\/uploads\/2021\/12\/standexito-768x432.png 768w, https:\/\/dpsolutions.es\/wp-content\/uploads\/2021\/12\/standexito-1536x863.png 1536w, https:\/\/dpsolutions.es\/wp-content\/uploads\/2021\/12\/standexito-600x337.png 600w\" sizes=\"(max-width: 1772px) 100vw, 1772px\" \/>\t\t<\/a>\n\t\t\t<\/div>\n<\/div>\n\t\t<div class=\"qodef-e-content\">\n\t\t\t\t\t\t\t<div class=\"qodef-e-info qodef-info--top\">\n\t\t\t\t\t<div class=\"qodef-e-info-item qodef-e-info-category\">\n\t\t<a href=\"https:\/\/dpsolutions.es\/en\/category\/disena\/\" rel=\"category tag\">Design<\/a><span class=\"qodef-category-separator\"><\/span><a href=\"https:\/\/dpsolutions.es\/en\/category\/piensa\/\" rel=\"category tag\">Think<\/a><\/div>\n\t\t\t\t<\/div>\n\t\t\t\t\t\t<div class=\"qodef-e-text\">\n\t\t\t\t<h5 itemprop=\"name\" class=\"qodef-e-title entry-title\">\n\t<a itemprop=\"url\" class=\"qodef-e-title-link\" href=\"https:\/\/dpsolutions.es\/en\/como-conseguir-que-tu-stand-de-feria-sea-un-exito\/\">\n\t\tC\u00f3mo conseguir que tu stand de feria sea un \u00e9xito\t<\/a>\n<\/h5>\n\t\t<p itemprop=\"description\" class=\"qodef-e-excerpt\">\n\t\t\tC\u00f3mo conseguir que tu stand de feria sea un \u00e9xito Las ferias son una buena opci\u00f3n cuando quieres promocionar tu marca y hacer que llegue a m\u00e1s clientes potenciales. Sin embargo\t\t<\/p>\n\t\t\t\t<\/div>\n\t\t\t\t\t<\/div>\n\t<\/div>\n<\/article>\n<article class=\"qodef-e qodef-blog-item swiper-slide qodef-item--full post-8150 post type-post status-publish format-standard has-post-thumbnail hentry category-piensa tag-construye tag-disena tag-dpsolutions tag-fabrica tag-piensa tag-productora-de-eventos\">\n\t<div class=\"qodef-e-inner\">\n\t\t<div class=\"qodef-e-media\">\n\t\t<div class=\"qodef-e-media-image\">\n\t\t<a itemprop=\"url\" href=\"https:\/\/dpsolutions.es\/en\/como-usar-el-email-marketing-para-promocionar-eventos\/\">\n\t\t\t<img loading=\"lazy\" decoding=\"async\" width=\"1772\" height=\"996\" src=\"https:\/\/dpsolutions.es\/wp-content\/uploads\/2021\/12\/emailmarketing.png\" class=\"attachment-full size-full\" alt=\"email marketing para eventos\" srcset=\"https:\/\/dpsolutions.es\/wp-content\/uploads\/2021\/12\/emailmarketing.png 1772w, https:\/\/dpsolutions.es\/wp-content\/uploads\/2021\/12\/emailmarketing-300x169.png 300w, https:\/\/dpsolutions.es\/wp-content\/uploads\/2021\/12\/emailmarketing-1024x576.png 1024w, https:\/\/dpsolutions.es\/wp-content\/uploads\/2021\/12\/emailmarketing-768x432.png 768w, https:\/\/dpsolutions.es\/wp-content\/uploads\/2021\/12\/emailmarketing-1536x863.png 1536w, https:\/\/dpsolutions.es\/wp-content\/uploads\/2021\/12\/emailmarketing-600x337.png 600w\" sizes=\"(max-width: 1772px) 100vw, 1772px\" \/>\t\t<\/a>\n\t\t\t<\/div>\n<\/div>\n\t\t<div class=\"qodef-e-content\">\n\t\t\t\t\t\t\t<div class=\"qodef-e-info qodef-info--top\">\n\t\t\t\t\t<div class=\"qodef-e-info-item qodef-e-info-category\">\n\t\t<a href=\"https:\/\/dpsolutions.es\/en\/category\/piensa\/\" rel=\"category tag\">Think<\/a><\/div>\n\t\t\t\t<\/div>\n\t\t\t\t\t\t<div class=\"qodef-e-text\">\n\t\t\t\t<h5 itemprop=\"name\" class=\"qodef-e-title entry-title\">\n\t<a itemprop=\"url\" class=\"qodef-e-title-link\" href=\"https:\/\/dpsolutions.es\/en\/como-usar-el-email-marketing-para-promocionar-eventos\/\">\n\t\tC\u00f3mo usar el email marketing para promocionar eventos\t<\/a>\n<\/h5>\n\t\t<p itemprop=\"description\" class=\"qodef-e-excerpt\">\n\t\t\tPsicolog\u00eda del color: \u00bfQu\u00e9 significan los colores en marketing? La mayor\u00eda de las compras est\u00e1n basadas en el color. S\u00ed, las tuyas tambi\u00e9n, aunque pienses que no. Seg\u00fan un\t\t<\/p>\n\t\t\t\t<\/div>\n\t\t\t\t\t<\/div>\n\t<\/div>\n<\/article>\n<article class=\"qodef-e qodef-blog-item swiper-slide qodef-item--full post-8127 post type-post status-publish format-standard has-post-thumbnail hentry category-branding tag-construye tag-disena tag-dpsolutions tag-fabrica tag-piensa tag-productora-de-eventos\">\n\t<div class=\"qodef-e-inner\">\n\t\t<div class=\"qodef-e-media\">\n\t\t<div class=\"qodef-e-media-image\">\n\t\t<a itemprop=\"url\" href=\"https:\/\/dpsolutions.es\/en\/psicologia-del-color\/\">\n\t\t\t<img loading=\"lazy\" decoding=\"async\" width=\"1772\" height=\"996\" src=\"https:\/\/dpsolutions.es\/wp-content\/uploads\/2021\/11\/colores.png\" class=\"attachment-full size-full\" alt=\"psicologia del color\" srcset=\"https:\/\/dpsolutions.es\/wp-content\/uploads\/2021\/11\/colores.png 1772w, https:\/\/dpsolutions.es\/wp-content\/uploads\/2021\/11\/colores-300x169.png 300w, https:\/\/dpsolutions.es\/wp-content\/uploads\/2021\/11\/colores-1024x576.png 1024w, https:\/\/dpsolutions.es\/wp-content\/uploads\/2021\/11\/colores-768x432.png 768w, https:\/\/dpsolutions.es\/wp-content\/uploads\/2021\/11\/colores-1536x863.png 1536w, https:\/\/dpsolutions.es\/wp-content\/uploads\/2021\/11\/colores-600x337.png 600w\" sizes=\"(max-width: 1772px) 100vw, 1772px\" \/>\t\t<\/a>\n\t\t\t<\/div>\n<\/div>\n\t\t<div class=\"qodef-e-content\">\n\t\t\t\t\t\t\t<div class=\"qodef-e-info qodef-info--top\">\n\t\t\t\t\t<div class=\"qodef-e-info-item qodef-e-info-category\">\n\t\t<a href=\"https:\/\/dpsolutions.es\/en\/category\/branding\/\" rel=\"category tag\">Branding<\/a><\/div>\n\t\t\t\t<\/div>\n\t\t\t\t\t\t<div class=\"qodef-e-text\">\n\t\t\t\t<h5 itemprop=\"name\" class=\"qodef-e-title entry-title\">\n\t<a itemprop=\"url\" class=\"qodef-e-title-link\" href=\"https:\/\/dpsolutions.es\/en\/psicologia-del-color\/\">\n\t\tPsicolog\u00eda del color: \u00bfqu\u00e9 significan los colores en marketing?\t<\/a>\n<\/h5>\n\t\t<p itemprop=\"description\" class=\"qodef-e-excerpt\">\n\t\t\tPsicolog\u00eda del color: \u00bfQu\u00e9 significan los colores en marketing? La mayor\u00eda de las compras est\u00e1n basadas en el color. S\u00ed, las tuyas tambi\u00e9n, aunque pienses que no. Seg\u00fan un\t\t<\/p>\n\t\t\t\t<\/div>\n\t\t\t\t\t<\/div>\n\t<\/div>\n<\/article>\n\t<\/div>\n\t<\/div>\n\t\t\t\t<\/div>\n\t\t\t\t<\/div>\n\t\t\t\t<div class=\"elementor-element elementor-element-d6f4990 exad-sticky-section-no exad-glass-effect-no elementor-widget elementor-widget-spacer\" data-id=\"d6f4990\" data-element_type=\"widget\" data-widget_type=\"spacer.default\">\n\t\t\t\t<div class=\"elementor-widget-container\">\n\t\t\t\t\t\t\t<div class=\"elementor-spacer\">\n\t\t\t<div class=\"elementor-spacer-inner\"><\/div>\n\t\t<\/div>\n\t\t\t\t\t\t<\/div>\n\t\t\t\t<\/div>\n\t\t\t\t\t<\/div>\n\t\t<\/div>\n\t\t\t\t\t<\/div>\n\t\t<\/section>\n\t\t\t\t<section data-exad-particle-enable=\"false\" class=\"elementor-section elementor-top-section elementor-element elementor-element-f0265d6 elementor-section-full_width elementor-section-stretched elementor-section-height-default elementor-section-height-default exad-parallax-effect-no exad-background-color-change-no exad-glass-effect-no exad-sticky-section-no qodef-elementor-content-no\" data-id=\"f0265d6\" data-element_type=\"section\" data-settings=\"{&quot;stretch_section&quot;:&quot;section-stretched&quot;,&quot;background_background&quot;:&quot;classic&quot;}\">\n\t\t\t\t\t\t<div class=\"elementor-container elementor-column-gap-default\">\n\t\t\t\t\t<div class=\"elementor-column elementor-col-25 elementor-top-column elementor-element elementor-element-97eadce exad-glass-effect-no exad-sticky-section-no\" data-id=\"97eadce\" data-element_type=\"column\">\n\t\t\t<div class=\"elementor-widget-wrap\">\n\t\t\t\t\t\t\t<\/div>\n\t\t<\/div>\n\t\t\t\t<div class=\"elementor-column elementor-col-50 elementor-top-column elementor-element elementor-element-da50bd7 exad-glass-effect-no exad-sticky-section-no\" data-id=\"da50bd7\" data-element_type=\"column\">\n\t\t\t<div class=\"elementor-widget-wrap elementor-element-populated\">\n\t\t\t\t\t\t<div class=\"elementor-element elementor-element-f76ee12 exad-sticky-section-no exad-glass-effect-no elementor-widget elementor-widget-spacer\" data-id=\"f76ee12\" data-element_type=\"widget\" data-widget_type=\"spacer.default\">\n\t\t\t\t<div class=\"elementor-widget-container\">\n\t\t\t\t\t\t\t<div class=\"elementor-spacer\">\n\t\t\t<div class=\"elementor-spacer-inner\"><\/div>\n\t\t<\/div>\n\t\t\t\t\t\t<\/div>\n\t\t\t\t<\/div>\n\t\t\t\t<div class=\"elementor-element elementor-element-8415d8f exad-sticky-section-no exad-glass-effect-no elementor-widget elementor-widget-qi_addons_for_elementor_section_title\" data-id=\"8415d8f\" data-element_type=\"widget\" data-widget_type=\"qi_addons_for_elementor_section_title.default\">\n\t\t\t\t<div class=\"elementor-widget-container\">\n\t\t\t\t\t<div class=\"qodef-shortcode qodef-m qodef-qi-section-title qodef-decoration--italic qodef-link--underline-draw qodef-subtitle-icon--left\">\n\t\t\t\t<h5 class=\"qodef-m-subtitle\">\n\t\tSubscribe to our newsletter\t\t\t<\/h5>\n\t\t\t<h2 class=\"qodef-m-title\">\n\t\tTo not miss our solutions\t<\/h2>\n\t\t\t<\/div>\n\t\t\t\t<\/div>\n\t\t\t\t<\/div>\n\t\t\t\t<div class=\"elementor-element elementor-element-4564c85 exad-sticky-section-no exad-glass-effect-no elementor-widget elementor-widget-shortcode\" data-id=\"4564c85\" data-element_type=\"widget\" data-widget_type=\"shortcode.default\">\n\t\t\t\t<div class=\"elementor-widget-container\">\n\t\t\t\t\t\t\t<div class=\"elementor-shortcode\"><div class=\"forminator-ui forminator-custom-form forminator-custom-form-7287 forminator-design--material  forminator_ajax\" data-forminator-render=\"0\" data-form=\"forminator-module-7287\" data-uid=\"69f2533b22a2b\"><br\/><\/div><form\n\t\t\t\tid=\"forminator-module-7287\"\n\t\t\t\tclass=\"forminator-ui forminator-custom-form forminator-custom-form-7287 forminator-design--material  forminator_ajax\"\n\t\t\t\tmethod=\"post\"\n\t\t\t\tdata-forminator-render=\"0\"\n\t\t\t\tdata-form-id=\"7287\"\n\t\t\t\t\n\t\t\t\tdata-design=\"material\"\n\t\t\t\t\n\t\t\t\t\n\t\t\t\t\n\t\t\t\tdata-grid=\"open\"\n\t\t\t\t\n\t\t\t\t\n\t\t\t\tstyle=\"display: none;\"\n\t\t\t\t\n\t\t\t\tdata-uid=\"69f2533b22a2b\" action=\"\"\n\t\t\t><div role=\"alert\" aria-live=\"polite\" class=\"forminator-response-message forminator-error\" aria-hidden=\"true\"><\/div><div class=\"forminator-row\"><div id=\"name-1\" class=\"forminator-field-name forminator-col forminator-col-12\"><div class=\"forminator-field\"><label for=\"forminator-field-name-1_69f2533b22a2b\" id=\"forminator-field-name-1_69f2533b22a2b-label\" class=\"forminator-label\">Name <span class=\"forminator-required\">*<\/span><\/label><input type=\"text\" name=\"name-1\" value=\"\" placeholder=\"Ejemplo: Juan\" id=\"forminator-field-name-1_69f2533b22a2b\" class=\"forminator-input forminator-name--field\" aria-required=\"true\" \/><\/div><\/div><\/div><div class=\"forminator-row\"><div id=\"email-1\" class=\"forminator-field-email forminator-col forminator-col-12\"><div class=\"forminator-field\"><label for=\"forminator-field-email-1_69f2533b22a2b\" id=\"forminator-field-email-1_69f2533b22a2b-label\" class=\"forminator-label\">E-mail <span class=\"forminator-required\">*<\/span><\/label><input type=\"email\" name=\"email-1\" value=\"\" placeholder=\"Ej . : john@doe.com\" id=\"forminator-field-email-1_69f2533b22a2b\" class=\"forminator-input forminator-email--field\" data-required=\"true\" aria-required=\"true\" \/><\/div><\/div><\/div><input type=\"hidden\" name=\"referer_url\" value=\"\" \/><div class=\"forminator-row forminator-row-last\"><div class=\"forminator-col\"><div class=\"forminator-field\"><button class=\"forminator-button forminator-button-submit\"><span>Subscribe<\/span><span aria-hidden=\"true\"><\/span><\/button><\/div><\/div><\/div><input type=\"hidden\" id=\"forminator_nonce\" name=\"forminator_nonce\" value=\"a504059689\" \/><input type=\"hidden\" name=\"_wp_http_referer\" value=\"\/en\/wp-json\/wp\/v2\/posts\/7842\" \/><input type=\"hidden\" name=\"form_id\" value=\"7287\"><input type=\"hidden\" name=\"page_id\" value=\"8127\"><input type=\"hidden\" name=\"form_type\" value=\"default\"><input type=\"hidden\" name=\"current_url\" value=\"https:\/\/dpsolutions.es\/en\/psicologia-del-color\/\"><input type=\"hidden\" name=\"render_id\" value=\"0\"><input type=\"hidden\" name=\"action\" value=\"forminator_submit_form_custom-forms\"><input type=\"hidden\" name=\"trp-form-language\" value=\"en\"\/><\/form><\/div>\n\t\t\t\t\t\t<\/div>\n\t\t\t\t<\/div>\n\t\t\t\t<div class=\"elementor-element elementor-element-0388cfe exad-sticky-section-no exad-glass-effect-no elementor-widget elementor-widget-spacer\" data-id=\"0388cfe\" data-element_type=\"widget\" data-widget_type=\"spacer.default\">\n\t\t\t\t<div class=\"elementor-widget-container\">\n\t\t\t\t\t\t\t<div class=\"elementor-spacer\">\n\t\t\t<div class=\"elementor-spacer-inner\"><\/div>\n\t\t<\/div>\n\t\t\t\t\t\t<\/div>\n\t\t\t\t<\/div>\n\t\t\t\t<div class=\"elementor-element elementor-element-89889bd elementor-widget-divider--view-line exad-sticky-section-no exad-glass-effect-no elementor-widget elementor-widget-divider\" data-id=\"89889bd\" data-element_type=\"widget\" data-widget_type=\"divider.default\">\n\t\t\t\t<div class=\"elementor-widget-container\">\n\t\t\t\t\t\t\t<div class=\"elementor-divider\">\n\t\t\t<span class=\"elementor-divider-separator\">\n\t\t\t\t\t\t<\/span>\n\t\t<\/div>\n\t\t\t\t\t\t<\/div>\n\t\t\t\t<\/div>\n\t\t\t\t<div class=\"elementor-element elementor-element-ffcf9a0 exad-sticky-section-no exad-glass-effect-no elementor-widget elementor-widget-text-editor\" data-id=\"ffcf9a0\" data-element_type=\"widget\" data-widget_type=\"text-editor.default\">\n\t\t\t\t<div class=\"elementor-widget-container\">\n\t\t\t\t\t\t\t\t\t<p><a href=\"http:\/\/dpsolutions.es\/en\/privacidad\/\"><strong>Privacy policy<\/strong><\/a><\/p>\t\t\t\t\t\t\t\t<\/div>\n\t\t\t\t<\/div>\n\t\t\t\t\t<\/div>\n\t\t<\/div>\n\t\t\t\t<div class=\"elementor-column elementor-col-25 elementor-top-column elementor-element elementor-element-1d4154a exad-glass-effect-no exad-sticky-section-no\" data-id=\"1d4154a\" data-element_type=\"column\">\n\t\t\t<div class=\"elementor-widget-wrap\">\n\t\t\t\t\t\t\t<\/div>\n\t\t<\/div>\n\t\t\t\t\t<\/div>\n\t\t<\/section>\n\t\t\t\t<\/div>","protected":false},"excerpt":{"rendered":"<p>C\u00f3mo se colocan las banderas en actos oficiales En la organizaci\u00f3n de eventos oficiales tenemos que trabajar mano a mano con el protocolo. La organizaci\u00f3n de las mesas, el tratamiento de los asistentes, el orden de colocaci\u00f3n en las fotos oficiales o el orden de las banderas oficiales suelen ser los aspectos que m\u00e1s quebraderos [&hellip;]<\/p>","protected":false},"author":2,"featured_media":7838,"comment_status":"closed","ping_status":"open","sticky":false,"template":"elementor_header_footer","format":"standard","meta":{"footnotes":""},"categories":[98],"tags":[90,88,85,89,87,91],"class_list":["post-7842","post","type-post","status-publish","format-standard","has-post-thumbnail","hentry","category-protocolo","tag-construye","tag-disena","tag-dpsolutions","tag-fabrica","tag-piensa","tag-productora-de-eventos"],"_links":{"self":[{"href":"https:\/\/dpsolutions.es\/en\/wp-json\/wp\/v2\/posts\/7842","targetHints":{"allow":["GET"]}}],"collection":[{"href":"https:\/\/dpsolutions.es\/en\/wp-json\/wp\/v2\/posts"}],"about":[{"href":"https:\/\/dpsolutions.es\/en\/wp-json\/wp\/v2\/types\/post"}],"author":[{"embeddable":true,"href":"https:\/\/dpsolutions.es\/en\/wp-json\/wp\/v2\/users\/2"}],"replies":[{"embeddable":true,"href":"https:\/\/dpsolutions.es\/en\/wp-json\/wp\/v2\/comments?post=7842"}],"version-history":[{"count":9,"href":"https:\/\/dpsolutions.es\/en\/wp-json\/wp\/v2\/posts\/7842\/revisions"}],"predecessor-version":[{"id":8156,"href":"https:\/\/dpsolutions.es\/en\/wp-json\/wp\/v2\/posts\/7842\/revisions\/8156"}],"wp:featuredmedia":[{"embeddable":true,"href":"https:\/\/dpsolutions.es\/en\/wp-json\/wp\/v2\/media\/7838"}],"wp:attachment":[{"href":"https:\/\/dpsolutions.es\/en\/wp-json\/wp\/v2\/media?parent=7842"}],"wp:term":[{"taxonomy":"category","embeddable":true,"href":"https:\/\/dpsolutions.es\/en\/wp-json\/wp\/v2\/categories?post=7842"},{"taxonomy":"post_tag","embeddable":true,"href":"https:\/\/dpsolutions.es\/en\/wp-json\/wp\/v2\/tags?post=7842"}],"curies":[{"name":"wp","href":"https:\/\/api.w.org\/{rel}","templated":true}]}}